{"id":5484,"date":"2025-05-27T15:11:27","date_gmt":"2025-05-27T19:11:27","guid":{"rendered":"https:\/\/elevateclinic.ca\/conversation-sur-loreiller\/"},"modified":"2025-05-27T15:11:27","modified_gmt":"2025-05-27T19:11:27","slug":"conversation-sur-loreiller","status":"publish","type":"post","link":"https:\/\/elevateclinic.ca\/fr\/conversation-sur-loreiller\/","title":{"rendered":"Conversation sur l\u2019oreiller"},"content":{"rendered":"<p>Dans notre soci\u00e9t\u00e9 au rythme effr\u00e9n\u00e9, le sommeil est souvent sous-estim\u00e9, alors que son importance pour le bien-\u00eatre mental est inestimable. Les recherches sur le sommeil ont mis en lumi\u00e8re le r\u00f4le essentiel d\u2019un sommeil ad\u00e9quat dans la promotion de la sant\u00e9 mentale. En approfondissant ces connaissances, nous pouvons d\u00e9couvrir l\u2019impact profond du sommeil sur nos \u00e9tats \u00e9motionnels et psychologiques.<\/p>\n<p>L\u2019impact du sommeil sur la sant\u00e9 mentale : Les recherches soulignent l\u2019importance d\u2019un sommeil de qualit\u00e9 pour le bien-\u00eatre psychologique. Le sommeil constitue une p\u00e9riode essentielle durant laquelle le cerveau traite les \u00e9motions, consolide les souvenirs et effectue des processus de r\u00e9paration indispensables. Les \u00e9tudes montrent qu\u2019un sommeil suffisant favorise les fonctions cognitives, la concentration et la r\u00e9gulation \u00e9motionnelle \u2014 des \u00e9l\u00e9ments cl\u00e9s de la r\u00e9silience mentale.<\/p>\n<p>\u00c0 l\u2019inverse, un sommeil insuffisant ou perturb\u00e9 peut avoir des effets n\u00e9fastes sur la sant\u00e9 mentale. Les \u00e9tudes sugg\u00e8rent que les troubles du sommeil peuvent entra\u00eener une augmentation du stress, de l\u2019anxi\u00e9t\u00e9, de l\u2019irritabilit\u00e9, ainsi que des difficult\u00e9s \u00e0 r\u00e9guler les \u00e9motions. De plus, une privation de sommeil chronique est associ\u00e9e \u00e0 un risque accru de d\u00e9velopper des troubles mentaux tels que la d\u00e9pression, l\u2019anxi\u00e9t\u00e9 et les troubles de l\u2019humeur.<\/p>\n<p><strong>Sommeil, fonctions c\u00e9r\u00e9brales et r\u00e9gulation \u00e9motionnelle :<\/strong><br \/>\nLes recherches soulignent le r\u00f4le essentiel du sommeil dans le soutien de la r\u00e9gulation \u00e9motionnelle et des fonctions cognitives. Un sommeil ad\u00e9quat permet au cerveau de g\u00e9rer efficacement le stress et les r\u00e9actions \u00e9motionnelles, favorisant ainsi la r\u00e9silience \u00e9motionnelle. \u00c0 l\u2019inverse, le manque de sommeil peut perturber ces m\u00e9canismes, entra\u00eenant une dysr\u00e9gulation \u00e9motionnelle et des difficult\u00e9s \u00e0 faire face aux stress du quotidien.<\/p>\n<p><strong>Un sommeil de qualit\u00e9 comme facteur de protection de la sant\u00e9 mentale :<\/strong><br \/>\n\u00c0 la lumi\u00e8re des recherches sur le sommeil, accorder la priorit\u00e9 \u00e0 un sommeil r\u00e9gulier et suffisant appara\u00eet comme une strat\u00e9gie essentielle pour pr\u00e9server la sant\u00e9 mentale. L\u2019adoption d\u2019habitudes de sommeil saines \u2014 notamment le respect d\u2019un horaire de sommeil r\u00e9gulier et d\u2019une dur\u00e9e ad\u00e9quate \u2014 peut contribuer de mani\u00e8re significative \u00e0 l\u2019am\u00e9lioration de l\u2019humeur, \u00e0 une meilleure r\u00e9sistance au stress et au bien-\u00eatre mental global.<\/p>\n<p><strong>Les 3 meilleurs conseils pour un sommeil de meilleure qualit\u00e9 et plus r\u00e9parateur :<\/strong><\/p>\n<ol>\n<li>Maintenir un horaire de sommeil r\u00e9gulier : Essayez de vous coucher et de vous r\u00e9veiller \u00e0 la m\u00eame heure tous les jours, m\u00eame la fin de semaine Cela permet de r\u00e9guler l&#8217;horloge interne de votre corps et de favoriser un sommeil de meilleure qualit\u00e9.<\/li>\n<li>Cr\u00e9ez une routine apaisante au coucher : Privil\u00e9giez des activit\u00e9s calmes avant de dormir, comme la lecture, un bain chaud ou des techniques de relaxation telles que la respiration profonde ou la m\u00e9ditation. \u00c9vitez les \u00e9crans et les stimulations qui peuvent perturber l\u2019endormissement.<\/li>\n<li>Assurez-vous que votre chambre favorise l\u2019endormissement en la maintenant fra\u00eeche, sombre et silencieuse. Optez pour un matelas et des oreillers confortables, et pensez \u00e0 utiliser une machine \u00e0 bruit blanc ou des bouchons d\u2019oreilles pour att\u00e9nuer les nuisances sonores.<\/li>\n<\/ol>\n<p><strong>Conclusion :<\/strong><br \/>\nLa recherche sur le sommeil offre des informations pr\u00e9cieuses sur la relation entre le sommeil et la sant\u00e9 mentale. Un sommeil de qualit\u00e9 n&#8217;est pas seulement un luxe, mais une n\u00e9cessit\u00e9 pour favoriser le bien-\u00eatre \u00e9motionnel, les fonctions cognitives et la r\u00e9silience mentale. En int\u00e9grant ces recommandations dans nos habitudes quotidiennes et en accordant la priorit\u00e9 \u00e0 un repos ad\u00e9quat, nous pouvons cultiver un mode de vie \u00e9quilibr\u00e9 et sain qui favorise la sant\u00e9 physique et mentale.<\/p>\n","protected":false},"excerpt":{"rendered":"<p>Dans notre soci\u00e9t\u00e9 au rythme effr\u00e9n\u00e9, le sommeil est souvent sous-estim\u00e9, alors que son importance pour le bien-\u00eatre mental est inestimable. Les recherches sur le sommeil ont mis en lumi\u00e8re le r\u00f4le essentiel d\u2019un sommeil ad\u00e9quat dans la promotion de la sant\u00e9 mentale. En approfondissant ces connaissances, nous pouvons d\u00e9couvrir l\u2019impact profond du sommeil sur [&hellip;]<\/p>\n","protected":false},"author":1,"featured_media":5374,"comment_status":"closed","ping_status":"open","sticky":false,"template":"","format":"standard","meta":{"_acf_changed":false,"footnotes":""},"categories":[13],"tags":[],"class_list":["post-5484","post","type-post","status-publish","format-standard","has-post-thumbnail","hentry","category-non-classifiee"],"acf":[],"yoast_head":"<!-- This site is optimized with the Yoast SEO plugin v25.4 - https:\/\/yoast.com\/wordpress\/plugins\/seo\/ -->\n<title>Conversation sur l\u2019oreiller | Elevate Psychotherapy and Wellness Clinic<\/title>\n<meta name=\"robots\" content=\"index, follow, max-snippet:-1, max-image-preview:large, max-video-preview:-1\" \/>\n<link rel=\"canonical\" href=\"https:\/\/elevateclinic.ca\/fr\/conversation-sur-loreiller\/\" \/>\n<meta property=\"og:locale\" content=\"fr_FR\" \/>\n<meta property=\"og:type\" content=\"article\" \/>\n<meta property=\"og:title\" content=\"Conversation sur l\u2019oreiller | Elevate Psychotherapy and Wellness Clinic\" \/>\n<meta property=\"og:description\" content=\"Dans notre soci\u00e9t\u00e9 au rythme effr\u00e9n\u00e9, le sommeil est souvent sous-estim\u00e9, alors que son importance pour le bien-\u00eatre mental est inestimable. Les recherches sur le sommeil ont mis en lumi\u00e8re le r\u00f4le essentiel d\u2019un sommeil ad\u00e9quat dans la promotion de la sant\u00e9 mentale. En approfondissant ces connaissances, nous pouvons d\u00e9couvrir l\u2019impact profond du sommeil sur [&hellip;]\" \/>\n<meta property=\"og:url\" content=\"https:\/\/elevateclinic.ca\/fr\/conversation-sur-loreiller\/\" \/>\n<meta property=\"og:site_name\" content=\"Elevate Psychotherapy and Wellness Clinic\" \/>\n<meta property=\"article:publisher\" content=\"https:\/\/www.facebook.com\/p\/Elevate-Psychotherapy-Wellness-Clinic-61554406267176\/\" \/>\n<meta property=\"article:published_time\" content=\"2025-05-27T19:11:27+00:00\" \/>\n<meta property=\"og:image\" content=\"https:\/\/elevateclinic.ca\/wp-content\/uploads\/2025\/05\/Sleep-Blog.jpg\" \/>\n\t<meta property=\"og:image:width\" content=\"1920\" \/>\n\t<meta property=\"og:image:height\" content=\"1080\" \/>\n\t<meta property=\"og:image:type\" content=\"image\/jpeg\" \/>\n<meta name=\"author\" content=\"Elev_SM55\" \/>\n<meta name=\"twitter:card\" content=\"summary_large_image\" \/>\n<meta name=\"twitter:label1\" content=\"\u00c9crit par\" \/>\n\t<meta name=\"twitter:data1\" content=\"Elev_SM55\" \/>\n\t<meta name=\"twitter:label2\" content=\"Dur\u00e9e de lecture estim\u00e9e\" \/>\n\t<meta name=\"twitter:data2\" content=\"3 minutes\" \/>\n<script type=\"application\/ld+json\" class=\"yoast-schema-graph\">{\"@context\":\"https:\/\/schema.org\",\"@graph\":[{\"@type\":\"Article\",\"@id\":\"https:\/\/elevateclinic.ca\/fr\/conversation-sur-loreiller\/#article\",\"isPartOf\":{\"@id\":\"https:\/\/elevateclinic.ca\/fr\/conversation-sur-loreiller\/\"},\"author\":{\"name\":\"Elev_SM55\",\"@id\":\"https:\/\/elevateclinic.ca\/fr\/#\/schema\/person\/de19d56295553e2e3924848c5cdcb5c2\"},\"headline\":\"Conversation sur l\u2019oreiller\",\"datePublished\":\"2025-05-27T19:11:27+00:00\",\"mainEntityOfPage\":{\"@id\":\"https:\/\/elevateclinic.ca\/fr\/conversation-sur-loreiller\/\"},\"wordCount\":633,\"publisher\":{\"@id\":\"https:\/\/elevateclinic.ca\/fr\/#organization\"},\"image\":{\"@id\":\"https:\/\/elevateclinic.ca\/fr\/conversation-sur-loreiller\/#primaryimage\"},\"thumbnailUrl\":\"https:\/\/elevateclinic.ca\/wp-content\/uploads\/2025\/05\/Sleep-Blog.jpg\",\"articleSection\":[\"Non classifi\u00e9(e)\"],\"inLanguage\":\"fr-FR\"},{\"@type\":\"WebPage\",\"@id\":\"https:\/\/elevateclinic.ca\/fr\/conversation-sur-loreiller\/\",\"url\":\"https:\/\/elevateclinic.ca\/fr\/conversation-sur-loreiller\/\",\"name\":\"Conversation sur l\u2019oreiller | Elevate Psychotherapy and Wellness Clinic\",\"isPartOf\":{\"@id\":\"https:\/\/elevateclinic.ca\/fr\/#website\"},\"primaryImageOfPage\":{\"@id\":\"https:\/\/elevateclinic.ca\/fr\/conversation-sur-loreiller\/#primaryimage\"},\"image\":{\"@id\":\"https:\/\/elevateclinic.ca\/fr\/conversation-sur-loreiller\/#primaryimage\"},\"thumbnailUrl\":\"https:\/\/elevateclinic.ca\/wp-content\/uploads\/2025\/05\/Sleep-Blog.jpg\",\"datePublished\":\"2025-05-27T19:11:27+00:00\",\"breadcrumb\":{\"@id\":\"https:\/\/elevateclinic.ca\/fr\/conversation-sur-loreiller\/#breadcrumb\"},\"inLanguage\":\"fr-FR\",\"potentialAction\":[{\"@type\":\"ReadAction\",\"target\":[\"https:\/\/elevateclinic.ca\/fr\/conversation-sur-loreiller\/\"]}]},{\"@type\":\"ImageObject\",\"inLanguage\":\"fr-FR\",\"@id\":\"https:\/\/elevateclinic.ca\/fr\/conversation-sur-loreiller\/#primaryimage\",\"url\":\"https:\/\/elevateclinic.ca\/wp-content\/uploads\/2025\/05\/Sleep-Blog.jpg\",\"contentUrl\":\"https:\/\/elevateclinic.ca\/wp-content\/uploads\/2025\/05\/Sleep-Blog.jpg\",\"width\":1920,\"height\":1080},{\"@type\":\"BreadcrumbList\",\"@id\":\"https:\/\/elevateclinic.ca\/fr\/conversation-sur-loreiller\/#breadcrumb\",\"itemListElement\":[{\"@type\":\"ListItem\",\"position\":1,\"name\":\"Home\",\"item\":\"https:\/\/elevateclinic.ca\/fr\/\"},{\"@type\":\"ListItem\",\"position\":2,\"name\":\"Conversation sur l\u2019oreiller\"}]},{\"@type\":\"WebSite\",\"@id\":\"https:\/\/elevateclinic.ca\/fr\/#website\",\"url\":\"https:\/\/elevateclinic.ca\/fr\/\",\"name\":\"Elevate Psychotherapy and Wellness Clinic\",\"description\":\"| Montreal Psychologists and Neuropsychologists\",\"publisher\":{\"@id\":\"https:\/\/elevateclinic.ca\/fr\/#organization\"},\"potentialAction\":[{\"@type\":\"SearchAction\",\"target\":{\"@type\":\"EntryPoint\",\"urlTemplate\":\"https:\/\/elevateclinic.ca\/fr\/?s={search_term_string}\"},\"query-input\":{\"@type\":\"PropertyValueSpecification\",\"valueRequired\":true,\"valueName\":\"search_term_string\"}}],\"inLanguage\":\"fr-FR\"},{\"@type\":\"Organization\",\"@id\":\"https:\/\/elevateclinic.ca\/fr\/#organization\",\"name\":\"Elevate Psychotherapy and Wellness Clinic\",\"url\":\"https:\/\/elevateclinic.ca\/fr\/\",\"logo\":{\"@type\":\"ImageObject\",\"inLanguage\":\"fr-FR\",\"@id\":\"https:\/\/elevateclinic.ca\/fr\/#\/schema\/logo\/image\/\",\"url\":\"https:\/\/elevateclinic.ca\/wp-content\/uploads\/2023\/04\/Elevate-Logo-large-2.png\",\"contentUrl\":\"https:\/\/elevateclinic.ca\/wp-content\/uploads\/2023\/04\/Elevate-Logo-large-2.png\",\"width\":1000,\"height\":581,\"caption\":\"Elevate Psychotherapy and Wellness Clinic\"},\"image\":{\"@id\":\"https:\/\/elevateclinic.ca\/fr\/#\/schema\/logo\/image\/\"},\"sameAs\":[\"https:\/\/www.facebook.com\/p\/Elevate-Psychotherapy-Wellness-Clinic-61554406267176\/\",\"https:\/\/www.linkedin.com\/company\/101170777\/admin\/dashboard\/\",\"https:\/\/www.psychologytoday.com\/ca\/therapists\/elevate-clinique-montreal-qc\/1305506\",\"https:\/\/www.psychologytoday.com\/ca\/therapists\/elevate-neuropsychology-clinic-laval-qc\/1471723\",\"https:\/\/www.psychologytoday.com\/ca\/therapists\/olivia-kuzyk-westmount-qc\/1047389\",\"https:\/\/www.psychologytoday.com\/ca\/therapists\/cristina-crivello-montreal-qc\/727527\",\"https:\/\/www.linkedin.com\/in\/cristinacrivello\/?originalSubdomain=ca\",\"https:\/\/www.linkedin.com\/in\/olivia-kuzyk-phd-984a8bb4\/?originalSubdomain=ca\",\"https:\/\/www.instagram.com\/elevatewellnessmtl\/\"]},{\"@type\":\"Person\",\"@id\":\"https:\/\/elevateclinic.ca\/fr\/#\/schema\/person\/de19d56295553e2e3924848c5cdcb5c2\",\"name\":\"Elev_SM55\",\"image\":{\"@type\":\"ImageObject\",\"inLanguage\":\"fr-FR\",\"@id\":\"https:\/\/elevateclinic.ca\/fr\/#\/schema\/person\/image\/\",\"url\":\"https:\/\/secure.gravatar.com\/avatar\/8619ecee6672081dd71ff3a70beb5550ad4082ea0eb7d5460a1a41c3108140ff?s=96&d=mm&r=g\",\"contentUrl\":\"https:\/\/secure.gravatar.com\/avatar\/8619ecee6672081dd71ff3a70beb5550ad4082ea0eb7d5460a1a41c3108140ff?s=96&d=mm&r=g\",\"caption\":\"Elev_SM55\"},\"sameAs\":[\"https:\/\/elevateclinic.ca\"],\"url\":\"https:\/\/elevateclinic.ca\/fr\/author\/Elev_SM55\/\"}]}<\/script>\n<!-- \/ Yoast SEO plugin. -->","yoast_head_json":{"title":"Conversation sur l\u2019oreiller | Elevate Psychotherapy and Wellness Clinic","robots":{"index":"index","follow":"follow","max-snippet":"max-snippet:-1","max-image-preview":"max-image-preview:large","max-video-preview":"max-video-preview:-1"},"canonical":"https:\/\/elevateclinic.ca\/fr\/conversation-sur-loreiller\/","og_locale":"fr_FR","og_type":"article","og_title":"Conversation sur l\u2019oreiller | Elevate Psychotherapy and Wellness Clinic","og_description":"Dans notre soci\u00e9t\u00e9 au rythme effr\u00e9n\u00e9, le sommeil est souvent sous-estim\u00e9, alors que son importance pour le bien-\u00eatre mental est inestimable. Les recherches sur le sommeil ont mis en lumi\u00e8re le r\u00f4le essentiel d\u2019un sommeil ad\u00e9quat dans la promotion de la sant\u00e9 mentale. En approfondissant ces connaissances, nous pouvons d\u00e9couvrir l\u2019impact profond du sommeil sur [&hellip;]","og_url":"https:\/\/elevateclinic.ca\/fr\/conversation-sur-loreiller\/","og_site_name":"Elevate Psychotherapy and Wellness Clinic","article_publisher":"https:\/\/www.facebook.com\/p\/Elevate-Psychotherapy-Wellness-Clinic-61554406267176\/","article_published_time":"2025-05-27T19:11:27+00:00","og_image":[{"width":1920,"height":1080,"url":"https:\/\/elevateclinic.ca\/wp-content\/uploads\/2025\/05\/Sleep-Blog.jpg","type":"image\/jpeg"}],"author":"Elev_SM55","twitter_card":"summary_large_image","twitter_misc":{"\u00c9crit par":"Elev_SM55","Dur\u00e9e de lecture estim\u00e9e":"3 minutes"},"schema":{"@context":"https:\/\/schema.org","@graph":[{"@type":"Article","@id":"https:\/\/elevateclinic.ca\/fr\/conversation-sur-loreiller\/#article","isPartOf":{"@id":"https:\/\/elevateclinic.ca\/fr\/conversation-sur-loreiller\/"},"author":{"name":"Elev_SM55","@id":"https:\/\/elevateclinic.ca\/fr\/#\/schema\/person\/de19d56295553e2e3924848c5cdcb5c2"},"headline":"Conversation sur l\u2019oreiller","datePublished":"2025-05-27T19:11:27+00:00","mainEntityOfPage":{"@id":"https:\/\/elevateclinic.ca\/fr\/conversation-sur-loreiller\/"},"wordCount":633,"publisher":{"@id":"https:\/\/elevateclinic.ca\/fr\/#organization"},"image":{"@id":"https:\/\/elevateclinic.ca\/fr\/conversation-sur-loreiller\/#primaryimage"},"thumbnailUrl":"https:\/\/elevateclinic.ca\/wp-content\/uploads\/2025\/05\/Sleep-Blog.jpg","articleSection":["Non classifi\u00e9(e)"],"inLanguage":"fr-FR"},{"@type":"WebPage","@id":"https:\/\/elevateclinic.ca\/fr\/conversation-sur-loreiller\/","url":"https:\/\/elevateclinic.ca\/fr\/conversation-sur-loreiller\/","name":"Conversation sur l\u2019oreiller | Elevate Psychotherapy and Wellness Clinic","isPartOf":{"@id":"https:\/\/elevateclinic.ca\/fr\/#website"},"primaryImageOfPage":{"@id":"https:\/\/elevateclinic.ca\/fr\/conversation-sur-loreiller\/#primaryimage"},"image":{"@id":"https:\/\/elevateclinic.ca\/fr\/conversation-sur-loreiller\/#primaryimage"},"thumbnailUrl":"https:\/\/elevateclinic.ca\/wp-content\/uploads\/2025\/05\/Sleep-Blog.jpg","datePublished":"2025-05-27T19:11:27+00:00","breadcrumb":{"@id":"https:\/\/elevateclinic.ca\/fr\/conversation-sur-loreiller\/#breadcrumb"},"inLanguage":"fr-FR","potentialAction":[{"@type":"ReadAction","target":["https:\/\/elevateclinic.ca\/fr\/conversation-sur-loreiller\/"]}]},{"@type":"ImageObject","inLanguage":"fr-FR","@id":"https:\/\/elevateclinic.ca\/fr\/conversation-sur-loreiller\/#primaryimage","url":"https:\/\/elevateclinic.ca\/wp-content\/uploads\/2025\/05\/Sleep-Blog.jpg","contentUrl":"https:\/\/elevateclinic.ca\/wp-content\/uploads\/2025\/05\/Sleep-Blog.jpg","width":1920,"height":1080},{"@type":"BreadcrumbList","@id":"https:\/\/elevateclinic.ca\/fr\/conversation-sur-loreiller\/#breadcrumb","itemListElement":[{"@type":"ListItem","position":1,"name":"Home","item":"https:\/\/elevateclinic.ca\/fr\/"},{"@type":"ListItem","position":2,"name":"Conversation sur l\u2019oreiller"}]},{"@type":"WebSite","@id":"https:\/\/elevateclinic.ca\/fr\/#website","url":"https:\/\/elevateclinic.ca\/fr\/","name":"Elevate Psychotherapy and Wellness Clinic","description":"| Montreal Psychologists and Neuropsychologists","publisher":{"@id":"https:\/\/elevateclinic.ca\/fr\/#organization"},"potentialAction":[{"@type":"SearchAction","target":{"@type":"EntryPoint","urlTemplate":"https:\/\/elevateclinic.ca\/fr\/?s={search_term_string}"},"query-input":{"@type":"PropertyValueSpecification","valueRequired":true,"valueName":"search_term_string"}}],"inLanguage":"fr-FR"},{"@type":"Organization","@id":"https:\/\/elevateclinic.ca\/fr\/#organization","name":"Elevate Psychotherapy and Wellness Clinic","url":"https:\/\/elevateclinic.ca\/fr\/","logo":{"@type":"ImageObject","inLanguage":"fr-FR","@id":"https:\/\/elevateclinic.ca\/fr\/#\/schema\/logo\/image\/","url":"https:\/\/elevateclinic.ca\/wp-content\/uploads\/2023\/04\/Elevate-Logo-large-2.png","contentUrl":"https:\/\/elevateclinic.ca\/wp-content\/uploads\/2023\/04\/Elevate-Logo-large-2.png","width":1000,"height":581,"caption":"Elevate Psychotherapy and Wellness Clinic"},"image":{"@id":"https:\/\/elevateclinic.ca\/fr\/#\/schema\/logo\/image\/"},"sameAs":["https:\/\/www.facebook.com\/p\/Elevate-Psychotherapy-Wellness-Clinic-61554406267176\/","https:\/\/www.linkedin.com\/company\/101170777\/admin\/dashboard\/","https:\/\/www.psychologytoday.com\/ca\/therapists\/elevate-clinique-montreal-qc\/1305506","https:\/\/www.psychologytoday.com\/ca\/therapists\/elevate-neuropsychology-clinic-laval-qc\/1471723","https:\/\/www.psychologytoday.com\/ca\/therapists\/olivia-kuzyk-westmount-qc\/1047389","https:\/\/www.psychologytoday.com\/ca\/therapists\/cristina-crivello-montreal-qc\/727527","https:\/\/www.linkedin.com\/in\/cristinacrivello\/?originalSubdomain=ca","https:\/\/www.linkedin.com\/in\/olivia-kuzyk-phd-984a8bb4\/?originalSubdomain=ca","https:\/\/www.instagram.com\/elevatewellnessmtl\/"]},{"@type":"Person","@id":"https:\/\/elevateclinic.ca\/fr\/#\/schema\/person\/de19d56295553e2e3924848c5cdcb5c2","name":"Elev_SM55","image":{"@type":"ImageObject","inLanguage":"fr-FR","@id":"https:\/\/elevateclinic.ca\/fr\/#\/schema\/person\/image\/","url":"https:\/\/secure.gravatar.com\/avatar\/8619ecee6672081dd71ff3a70beb5550ad4082ea0eb7d5460a1a41c3108140ff?s=96&d=mm&r=g","contentUrl":"https:\/\/secure.gravatar.com\/avatar\/8619ecee6672081dd71ff3a70beb5550ad4082ea0eb7d5460a1a41c3108140ff?s=96&d=mm&r=g","caption":"Elev_SM55"},"sameAs":["https:\/\/elevateclinic.ca"],"url":"https:\/\/elevateclinic.ca\/fr\/author\/Elev_SM55\/"}]}},"_links":{"self":[{"href":"https:\/\/elevateclinic.ca\/fr\/wp-json\/wp\/v2\/posts\/5484","targetHints":{"allow":["GET"]}}],"collection":[{"href":"https:\/\/elevateclinic.ca\/fr\/wp-json\/wp\/v2\/posts"}],"about":[{"href":"https:\/\/elevateclinic.ca\/fr\/wp-json\/wp\/v2\/types\/post"}],"author":[{"embeddable":true,"href":"https:\/\/elevateclinic.ca\/fr\/wp-json\/wp\/v2\/users\/1"}],"replies":[{"embeddable":true,"href":"https:\/\/elevateclinic.ca\/fr\/wp-json\/wp\/v2\/comments?post=5484"}],"version-history":[{"count":0,"href":"https:\/\/elevateclinic.ca\/fr\/wp-json\/wp\/v2\/posts\/5484\/revisions"}],"wp:featuredmedia":[{"embeddable":true,"href":"https:\/\/elevateclinic.ca\/fr\/wp-json\/wp\/v2\/media\/5374"}],"wp:attachment":[{"href":"https:\/\/elevateclinic.ca\/fr\/wp-json\/wp\/v2\/media?parent=5484"}],"wp:term":[{"taxonomy":"category","embeddable":true,"href":"https:\/\/elevateclinic.ca\/fr\/wp-json\/wp\/v2\/categories?post=5484"},{"taxonomy":"post_tag","embeddable":true,"href":"https:\/\/elevateclinic.ca\/fr\/wp-json\/wp\/v2\/tags?post=5484"}],"curies":[{"name":"wp","href":"https:\/\/api.w.org\/{rel}","templated":true}]}}